{"id":38216,"date":"2024-06-06T12:03:57","date_gmt":"2024-06-06T10:03:57","guid":{"rendered":"https:\/\/deftech.ch\/?p=38216"},"modified":"2024-06-20T14:55:59","modified_gmt":"2024-06-20T12:55:59","slug":"la-fresque-du-soldat-du-futur-avant-premiere-20-06-2024-paris","status":"publish","type":"post","link":"https:\/\/deftech.ch\/fr\/2024\/06\/06\/la-fresque-du-soldat-du-futur-avant-premiere-20-06-2024-paris\/","title":{"rendered":"La Fresque du Soldat du Futur | Avant-Premi\u00e8re 20.06.2024 | Paris"},"content":{"rendered":"\n\t<section class=\"section\" id=\"section_45177460\">\n\t\t<div class=\"section-bg fill\" >\n\t\t\t\t\t\t\t\t\t\n\t\t\t\n\n\t\t<\/div>\n\n\t\t\n\n\t\t<div class=\"section-content relative\">\n\t\t\t\n<div class=\"row align-center\"  id=\"row-2058522819\">\n\n\t<div id=\"col-1476093637\" class=\"col medium-10 small-12 large-10\"  >\n\t\t\t\t<div class=\"col-inner\"  >\n\t\t\t\n\t\t\t\n<p class=\"lead\" style=\"text-align: center;\"><a href=\"https:\/\/propulseurs.com\/\">Les Propulseurs<\/a>,\u00a0<a href=\"https:\/\/www.studiomiamiam.fr\/\">Studio Miamiam<\/a>\u00a0et <br \/>le programme de prospective technologique\u00a0<a href=\"https:\/\/deftech.ch\/fr\/\">deftech<\/a> vous invitent<\/p>\n<p class=\"lead\" style=\"text-align: center;\"><strong>le 20 juin 2024 \u00e0 Paris<br \/><\/strong>18:30-21:00<br \/>\u00e0 d\u00e9couvrir et tester en avant-premi\u00e8re<\/p>\n<h2 class=\"lead\" style=\"text-align: center;\"><a href=\"https:\/\/infomaniak.events\/shop\/CrPdzLDXIV\"><strong>La Fresque du Soldat du Futur<\/strong><\/a><\/h2>\n<p>\u00a0<\/p>\n<p style=\"text-align: center;\"><a href=\"https:\/\/infomaniak.events\/shop\/CrPdzLDXIV\"><img loading=\"lazy\" decoding=\"async\" class=\"alignnone wp-image-38222\" src=\"https:\/\/deftech.ch\/wp-content\/uploads\/2024\/06\/Logo-Soldat-du-futur-casque-seul-v2-240x300.png\" alt=\"\" width=\"170\" height=\"212\" srcset=\"https:\/\/deftech.ch\/wp-content\/uploads\/2024\/06\/Logo-Soldat-du-futur-casque-seul-v2-240x300.png 240w, https:\/\/deftech.ch\/wp-content\/uploads\/2024\/06\/Logo-Soldat-du-futur-casque-seul-v2.png 600w\" sizes=\"auto, (max-width: 170px) 100vw, 170px\" \/><\/a><\/p>\n<p>\u00a0<\/p>\n<p class=\"lead\" style=\"text-align: center;\">La fresque du soldat du futur est un exercice de <a href=\"https:\/\/atelierdesfuturs.org\/?s=design+fiction\">design-fiction<\/a> pour imaginer de nouveaux dispositifs technologiques.<\/p>\n<p class=\"lead\" style=\"text-align: center;\">A l&#8217;aide d&#8217;un jeu de cartes, les participants simulent des situations conflictuelles et utilisent les technologies pour les r\u00e9soudre.<\/p>\n<p class=\"lead\" style=\"text-align: center;\"><strong>Objectifs de la fresque :<\/strong><\/p>\n<p class=\"lead\" style=\"text-align: center;\"><strong>Se projeter<\/strong> dans le futur de la d\u00e9fense.<br \/><strong>Appr\u00e9hender l&#8217;impact<\/strong> des \u00e9volutions technologiques sur les conflits.<br \/><strong>Doper la r\u00e9flexion<\/strong> collaborative.<\/p>\n<p class=\"lead\" style=\"text-align: center;\"><a href=\"https:\/\/infomaniak.events\/shop\/CrPdzLDXIV\">Rejoignez-nous<\/a> pour un moment cr\u00e9atif et anticipatif, mais surtout ludique et chaleureux !<\/p>\n\t\t<\/div>\n\t\t\t\t\t<\/div>\n\n\t\n<\/div>\n\t\t<\/div>\n\n\t\t\n<style>\n#section_45177460 {\n  padding-top: 30px;\n  padding-bottom: 30px;\n}\n<\/style>\n\t<\/section>\n\t\n\n\t<section class=\"section\" id=\"section_626378470\">\n\t\t<div class=\"section-bg fill\" >\n\t\t\t\t\t\t\t\t\t\n\t\t\t\n\n\t\t<\/div>\n\n\t\t\n\n\t\t<div class=\"section-content relative\">\n\t\t\t\n<div class=\"row align-center\"  id=\"row-175452699\">\n\n\t<div id=\"col-855922518\" class=\"col medium-7 small-12 large-7\"  >\n\t\t\t\t<div class=\"col-inner text-center\"  >\n\t\t\t\n\t\t\t\n<a href=\"https:\/\/infomaniak.events\/shop\/CrPdzLDXIV\" class=\"button primary is-bevel expand\" style=\"border-radius:10px;\">\n\t\t<span>Je m'inscris !<\/span>\n\t<\/a>\n\n\t\t<\/div>\n\t\t\t\t\t<\/div>\n\n\t\n<\/div>\n\t\t<\/div>\n\n\t\t\n<style>\n#section_626378470 {\n  padding-top: 30px;\n  padding-bottom: 30px;\n}\n<\/style>\n\t<\/section>\n\t\n","protected":false},"excerpt":{"rendered":"<p>Les Propulseurs, Studio MiamMiam et le programme de prospective technologique deftech vous invitent \u00e0 d\u00e9couvrir et tester en avant-premi\u00e8re &#8220;La Fresque du Soldat du Futur&#8221; !<br \/>\nLa fresque du soldat du futur est un exercice de design-fiction pour imaginer de nouveaux dispositifs technologiques.<\/p>\n","protected":false},"author":3,"featured_media":38301,"comment_status":"closed","ping_status":"closed","sticky":false,"template":"","format":"standard","meta":{"jetpack_post_was_ever_published":false,"_jetpack_newsletter_access":"","_jetpack_dont_email_post_to_subs":false,"_jetpack_newsletter_tier_id":0,"_jetpack_memberships_contains_paywalled_content":false,"_jetpack_memberships_contains_paid_content":false,"footnotes":"","jetpack_publicize_message":"","jetpack_publicize_feature_enabled":true,"jetpack_social_post_already_shared":true,"jetpack_social_options":{"image_generator_settings":{"template":"highway","default_image_id":0,"font":"","enabled":false},"version":2}},"categories":[2],"tags":[],"class_list":["post-38216","post","type-post","status-publish","format-standard","has-post-thumbnail","hentry","category-events"],"yoast_head":"<!-- This site is optimized with the Yoast SEO plugin v27.4 - https:\/\/yoast.com\/product\/yoast-seo-wordpress\/ -->\n<title>La Fresque du Soldat du Futur | Avant-Premi\u00e8re 20.06.2024 | Paris - Deftech \u00b7 Defence Future Technologies<\/title>\n<meta name=\"description\" content=\"La fresque du soldat du futur est un exercice de design-fiction pour imaginer de nouveaux dispositifs technologiques.\" \/>\n<meta name=\"robots\" content=\"noindex, follow\" \/>\n<meta property=\"og:locale\" content=\"fr_FR\" \/>\n<meta property=\"og:type\" content=\"article\" \/>\n<meta property=\"og:title\" content=\"La Fresque du Soldat du Futur | Avant-Premi\u00e8re 20.06.2024 | Paris - Deftech \u00b7 Defence Future Technologies\" \/>\n<meta property=\"og:description\" content=\"La fresque du soldat du futur est un exercice de design-fiction pour imaginer de nouveaux dispositifs technologiques.\" \/>\n<meta property=\"og:url\" content=\"https:\/\/deftech.ch\/2024\/06\/06\/la-fresque-du-soldat-du-futur-avant-premiere-20-06-2024-paris\/\" \/>\n<meta property=\"og:site_name\" content=\"Deftech \u00b7 Defence Future Technologies\" \/>\n<meta property=\"article:published_time\" content=\"2024-06-06T10:03:57+00:00\" \/>\n<meta property=\"article:modified_time\" content=\"2024-06-20T12:55:59+00:00\" \/>\n<meta property=\"og:image\" content=\"https:\/\/deftech.ch\/wp-content\/uploads\/2024\/06\/20-juin-2024-invitation-fresque-du-soldat-du-futur_.jpg\" \/>\n\t<meta property=\"og:image:width\" content=\"1600\" \/>\n\t<meta property=\"og:image:height\" content=\"900\" \/>\n\t<meta property=\"og:image:type\" content=\"image\/jpeg\" \/>\n<meta name=\"author\" content=\"Quentin Ladetto\" \/>\n<meta name=\"twitter:card\" content=\"summary_large_image\" \/>\n<meta name=\"twitter:creator\" content=\"@deftechCH\" \/>\n<meta name=\"twitter:site\" content=\"@deftechCH\" \/>\n<meta name=\"twitter:label1\" content=\"\u00c9crit par\" \/>\n\t<meta name=\"twitter:data1\" content=\"Quentin Ladetto\" \/>\n\t<meta name=\"twitter:label2\" content=\"Dur\u00e9e de lecture estim\u00e9e\" \/>\n\t<meta name=\"twitter:data2\" content=\"1 minute\" \/>\n<script type=\"application\/ld+json\" class=\"yoast-schema-graph\">{\"@context\":\"https:\\\/\\\/schema.org\",\"@graph\":[{\"@type\":\"Article\",\"@id\":\"https:\\\/\\\/deftech.ch\\\/2024\\\/06\\\/06\\\/la-fresque-du-soldat-du-futur-avant-premiere-20-06-2024-paris\\\/#article\",\"isPartOf\":{\"@id\":\"https:\\\/\\\/deftech.ch\\\/2024\\\/06\\\/06\\\/la-fresque-du-soldat-du-futur-avant-premiere-20-06-2024-paris\\\/\"},\"author\":{\"name\":\"Quentin Ladetto\",\"@id\":\"https:\\\/\\\/deftech.ch\\\/#\\\/schema\\\/person\\\/42813473d77c2ad33ae7ae983252b6ba\"},\"headline\":\"La Fresque du Soldat du Futur | Avant-Premi\u00e8re 20.06.2024 | Paris\",\"datePublished\":\"2024-06-06T10:03:57+00:00\",\"dateModified\":\"2024-06-20T12:55:59+00:00\",\"mainEntityOfPage\":{\"@id\":\"https:\\\/\\\/deftech.ch\\\/2024\\\/06\\\/06\\\/la-fresque-du-soldat-du-futur-avant-premiere-20-06-2024-paris\\\/\"},\"wordCount\":161,\"publisher\":{\"@id\":\"https:\\\/\\\/deftech.ch\\\/#organization\"},\"image\":{\"@id\":\"https:\\\/\\\/deftech.ch\\\/2024\\\/06\\\/06\\\/la-fresque-du-soldat-du-futur-avant-premiere-20-06-2024-paris\\\/#primaryimage\"},\"thumbnailUrl\":\"https:\\\/\\\/deftech.ch\\\/wp-content\\\/uploads\\\/2024\\\/06\\\/20-juin-2024-invitation-fresque-du-soldat-du-futur_.jpg\",\"articleSection\":[\"Events\"],\"inLanguage\":\"fr-FR\"},{\"@type\":\"WebPage\",\"@id\":\"https:\\\/\\\/deftech.ch\\\/2024\\\/06\\\/06\\\/la-fresque-du-soldat-du-futur-avant-premiere-20-06-2024-paris\\\/\",\"url\":\"https:\\\/\\\/deftech.ch\\\/2024\\\/06\\\/06\\\/la-fresque-du-soldat-du-futur-avant-premiere-20-06-2024-paris\\\/\",\"name\":\"La Fresque du Soldat du Futur | Avant-Premi\u00e8re 20.06.2024 | Paris - Deftech \u00b7 Defence Future Technologies\",\"isPartOf\":{\"@id\":\"https:\\\/\\\/deftech.ch\\\/#website\"},\"primaryImageOfPage\":{\"@id\":\"https:\\\/\\\/deftech.ch\\\/2024\\\/06\\\/06\\\/la-fresque-du-soldat-du-futur-avant-premiere-20-06-2024-paris\\\/#primaryimage\"},\"image\":{\"@id\":\"https:\\\/\\\/deftech.ch\\\/2024\\\/06\\\/06\\\/la-fresque-du-soldat-du-futur-avant-premiere-20-06-2024-paris\\\/#primaryimage\"},\"thumbnailUrl\":\"https:\\\/\\\/deftech.ch\\\/wp-content\\\/uploads\\\/2024\\\/06\\\/20-juin-2024-invitation-fresque-du-soldat-du-futur_.jpg\",\"datePublished\":\"2024-06-06T10:03:57+00:00\",\"dateModified\":\"2024-06-20T12:55:59+00:00\",\"description\":\"La fresque du soldat du futur est un exercice de design-fiction pour imaginer de nouveaux dispositifs technologiques.\",\"breadcrumb\":{\"@id\":\"https:\\\/\\\/deftech.ch\\\/2024\\\/06\\\/06\\\/la-fresque-du-soldat-du-futur-avant-premiere-20-06-2024-paris\\\/#breadcrumb\"},\"inLanguage\":\"fr-FR\",\"potentialAction\":[{\"@type\":\"ReadAction\",\"target\":[\"https:\\\/\\\/deftech.ch\\\/2024\\\/06\\\/06\\\/la-fresque-du-soldat-du-futur-avant-premiere-20-06-2024-paris\\\/\"]}]},{\"@type\":\"ImageObject\",\"inLanguage\":\"fr-FR\",\"@id\":\"https:\\\/\\\/deftech.ch\\\/2024\\\/06\\\/06\\\/la-fresque-du-soldat-du-futur-avant-premiere-20-06-2024-paris\\\/#primaryimage\",\"url\":\"https:\\\/\\\/deftech.ch\\\/wp-content\\\/uploads\\\/2024\\\/06\\\/20-juin-2024-invitation-fresque-du-soldat-du-futur_.jpg\",\"contentUrl\":\"https:\\\/\\\/deftech.ch\\\/wp-content\\\/uploads\\\/2024\\\/06\\\/20-juin-2024-invitation-fresque-du-soldat-du-futur_.jpg\",\"width\":1600,\"height\":900},{\"@type\":\"BreadcrumbList\",\"@id\":\"https:\\\/\\\/deftech.ch\\\/2024\\\/06\\\/06\\\/la-fresque-du-soldat-du-futur-avant-premiere-20-06-2024-paris\\\/#breadcrumb\",\"itemListElement\":[{\"@type\":\"ListItem\",\"position\":1,\"name\":\"Home\",\"item\":\"https:\\\/\\\/deftech.ch\\\/fr\\\/\"},{\"@type\":\"ListItem\",\"position\":2,\"name\":\"La Fresque du Soldat du Futur | Avant-Premi\u00e8re 20.06.2024 | Paris\"}]},{\"@type\":\"WebSite\",\"@id\":\"https:\\\/\\\/deftech.ch\\\/#website\",\"url\":\"https:\\\/\\\/deftech.ch\\\/\",\"name\":\"Deftech - Defence Future Technologies\",\"description\":\"Inspire - Inform - Instruct\",\"publisher\":{\"@id\":\"https:\\\/\\\/deftech.ch\\\/#organization\"},\"potentialAction\":[{\"@type\":\"SearchAction\",\"target\":{\"@type\":\"EntryPoint\",\"urlTemplate\":\"https:\\\/\\\/deftech.ch\\\/?s={search_term_string}\"},\"query-input\":{\"@type\":\"PropertyValueSpecification\",\"valueRequired\":true,\"valueName\":\"search_term_string\"}}],\"inLanguage\":\"fr-FR\"},{\"@type\":\"Organization\",\"@id\":\"https:\\\/\\\/deftech.ch\\\/#organization\",\"name\":\"Deftech - Defence Future Technologies\",\"alternateName\":\"Foresight Program by armasuisse Science and Technology\",\"url\":\"https:\\\/\\\/deftech.ch\\\/\",\"logo\":{\"@type\":\"ImageObject\",\"inLanguage\":\"fr-FR\",\"@id\":\"https:\\\/\\\/deftech.ch\\\/#\\\/schema\\\/logo\\\/image\\\/\",\"url\":\"https:\\\/\\\/i0.wp.com\\\/deftech.ch\\\/wp-content\\\/uploads\\\/2024\\\/09\\\/deftech-white-red-round-background.002.png?fit=1500%2C1500&ssl=1\",\"contentUrl\":\"https:\\\/\\\/i0.wp.com\\\/deftech.ch\\\/wp-content\\\/uploads\\\/2024\\\/09\\\/deftech-white-red-round-background.002.png?fit=1500%2C1500&ssl=1\",\"width\":1500,\"height\":1500,\"caption\":\"Deftech - Defence Future Technologies\"},\"image\":{\"@id\":\"https:\\\/\\\/deftech.ch\\\/#\\\/schema\\\/logo\\\/image\\\/\"},\"sameAs\":[\"https:\\\/\\\/x.com\\\/deftechCH\",\"https:\\\/\\\/linkedin.com\\\/in\\\/ladetto\"]},{\"@type\":\"Person\",\"@id\":\"https:\\\/\\\/deftech.ch\\\/#\\\/schema\\\/person\\\/42813473d77c2ad33ae7ae983252b6ba\",\"name\":\"Quentin Ladetto\",\"image\":{\"@type\":\"ImageObject\",\"inLanguage\":\"fr-FR\",\"@id\":\"https:\\\/\\\/secure.gravatar.com\\\/avatar\\\/7ea9f203bfc8c4bf31c42357b6fe4df547406af29b10b6e82d8b7ae2ae088af2?s=96&d=mm&r=g\",\"url\":\"https:\\\/\\\/secure.gravatar.com\\\/avatar\\\/7ea9f203bfc8c4bf31c42357b6fe4df547406af29b10b6e82d8b7ae2ae088af2?s=96&d=mm&r=g\",\"contentUrl\":\"https:\\\/\\\/secure.gravatar.com\\\/avatar\\\/7ea9f203bfc8c4bf31c42357b6fe4df547406af29b10b6e82d8b7ae2ae088af2?s=96&d=mm&r=g\",\"caption\":\"Quentin Ladetto\"},\"sameAs\":[\"https:\\\/\\\/ladetto.ch\\\/quentin-ladetto\",\"https:\\\/\\\/www.linkedin.com\\\/in\\\/ladetto\\\/\"]}]}<\/script>\n<!-- \/ Yoast SEO plugin. -->","yoast_head_json":{"title":"La Fresque du Soldat du Futur | Avant-Premi\u00e8re 20.06.2024 | Paris - Deftech \u00b7 Defence Future Technologies","description":"La fresque du soldat du futur est un exercice de design-fiction pour imaginer de nouveaux dispositifs technologiques.","robots":{"index":"noindex","follow":"follow"},"og_locale":"fr_FR","og_type":"article","og_title":"La Fresque du Soldat du Futur | Avant-Premi\u00e8re 20.06.2024 | Paris - Deftech \u00b7 Defence Future Technologies","og_description":"La fresque du soldat du futur est un exercice de design-fiction pour imaginer de nouveaux dispositifs technologiques.","og_url":"https:\/\/deftech.ch\/2024\/06\/06\/la-fresque-du-soldat-du-futur-avant-premiere-20-06-2024-paris\/","og_site_name":"Deftech \u00b7 Defence Future Technologies","article_published_time":"2024-06-06T10:03:57+00:00","article_modified_time":"2024-06-20T12:55:59+00:00","og_image":[{"width":1600,"height":900,"url":"https:\/\/deftech.ch\/wp-content\/uploads\/2024\/06\/20-juin-2024-invitation-fresque-du-soldat-du-futur_.jpg","type":"image\/jpeg"}],"author":"Quentin Ladetto","twitter_card":"summary_large_image","twitter_creator":"@deftechCH","twitter_site":"@deftechCH","twitter_misc":{"\u00c9crit par":"Quentin Ladetto","Dur\u00e9e de lecture estim\u00e9e":"1 minute"},"schema":{"@context":"https:\/\/schema.org","@graph":[{"@type":"Article","@id":"https:\/\/deftech.ch\/2024\/06\/06\/la-fresque-du-soldat-du-futur-avant-premiere-20-06-2024-paris\/#article","isPartOf":{"@id":"https:\/\/deftech.ch\/2024\/06\/06\/la-fresque-du-soldat-du-futur-avant-premiere-20-06-2024-paris\/"},"author":{"name":"Quentin Ladetto","@id":"https:\/\/deftech.ch\/#\/schema\/person\/42813473d77c2ad33ae7ae983252b6ba"},"headline":"La Fresque du Soldat du Futur | Avant-Premi\u00e8re 20.06.2024 | Paris","datePublished":"2024-06-06T10:03:57+00:00","dateModified":"2024-06-20T12:55:59+00:00","mainEntityOfPage":{"@id":"https:\/\/deftech.ch\/2024\/06\/06\/la-fresque-du-soldat-du-futur-avant-premiere-20-06-2024-paris\/"},"wordCount":161,"publisher":{"@id":"https:\/\/deftech.ch\/#organization"},"image":{"@id":"https:\/\/deftech.ch\/2024\/06\/06\/la-fresque-du-soldat-du-futur-avant-premiere-20-06-2024-paris\/#primaryimage"},"thumbnailUrl":"https:\/\/deftech.ch\/wp-content\/uploads\/2024\/06\/20-juin-2024-invitation-fresque-du-soldat-du-futur_.jpg","articleSection":["Events"],"inLanguage":"fr-FR"},{"@type":"WebPage","@id":"https:\/\/deftech.ch\/2024\/06\/06\/la-fresque-du-soldat-du-futur-avant-premiere-20-06-2024-paris\/","url":"https:\/\/deftech.ch\/2024\/06\/06\/la-fresque-du-soldat-du-futur-avant-premiere-20-06-2024-paris\/","name":"La Fresque du Soldat du Futur | Avant-Premi\u00e8re 20.06.2024 | Paris - Deftech \u00b7 Defence Future Technologies","isPartOf":{"@id":"https:\/\/deftech.ch\/#website"},"primaryImageOfPage":{"@id":"https:\/\/deftech.ch\/2024\/06\/06\/la-fresque-du-soldat-du-futur-avant-premiere-20-06-2024-paris\/#primaryimage"},"image":{"@id":"https:\/\/deftech.ch\/2024\/06\/06\/la-fresque-du-soldat-du-futur-avant-premiere-20-06-2024-paris\/#primaryimage"},"thumbnailUrl":"https:\/\/deftech.ch\/wp-content\/uploads\/2024\/06\/20-juin-2024-invitation-fresque-du-soldat-du-futur_.jpg","datePublished":"2024-06-06T10:03:57+00:00","dateModified":"2024-06-20T12:55:59+00:00","description":"La fresque du soldat du futur est un exercice de design-fiction pour imaginer de nouveaux dispositifs technologiques.","breadcrumb":{"@id":"https:\/\/deftech.ch\/2024\/06\/06\/la-fresque-du-soldat-du-futur-avant-premiere-20-06-2024-paris\/#breadcrumb"},"inLanguage":"fr-FR","potentialAction":[{"@type":"ReadAction","target":["https:\/\/deftech.ch\/2024\/06\/06\/la-fresque-du-soldat-du-futur-avant-premiere-20-06-2024-paris\/"]}]},{"@type":"ImageObject","inLanguage":"fr-FR","@id":"https:\/\/deftech.ch\/2024\/06\/06\/la-fresque-du-soldat-du-futur-avant-premiere-20-06-2024-paris\/#primaryimage","url":"https:\/\/deftech.ch\/wp-content\/uploads\/2024\/06\/20-juin-2024-invitation-fresque-du-soldat-du-futur_.jpg","contentUrl":"https:\/\/deftech.ch\/wp-content\/uploads\/2024\/06\/20-juin-2024-invitation-fresque-du-soldat-du-futur_.jpg","width":1600,"height":900},{"@type":"BreadcrumbList","@id":"https:\/\/deftech.ch\/2024\/06\/06\/la-fresque-du-soldat-du-futur-avant-premiere-20-06-2024-paris\/#breadcrumb","itemListElement":[{"@type":"ListItem","position":1,"name":"Home","item":"https:\/\/deftech.ch\/fr\/"},{"@type":"ListItem","position":2,"name":"La Fresque du Soldat du Futur | Avant-Premi\u00e8re 20.06.2024 | Paris"}]},{"@type":"WebSite","@id":"https:\/\/deftech.ch\/#website","url":"https:\/\/deftech.ch\/","name":"Deftech - Defence Future Technologies","description":"Inspire - Inform - Instruct","publisher":{"@id":"https:\/\/deftech.ch\/#organization"},"potentialAction":[{"@type":"SearchAction","target":{"@type":"EntryPoint","urlTemplate":"https:\/\/deftech.ch\/?s={search_term_string}"},"query-input":{"@type":"PropertyValueSpecification","valueRequired":true,"valueName":"search_term_string"}}],"inLanguage":"fr-FR"},{"@type":"Organization","@id":"https:\/\/deftech.ch\/#organization","name":"Deftech - Defence Future Technologies","alternateName":"Foresight Program by armasuisse Science and Technology","url":"https:\/\/deftech.ch\/","logo":{"@type":"ImageObject","inLanguage":"fr-FR","@id":"https:\/\/deftech.ch\/#\/schema\/logo\/image\/","url":"https:\/\/i0.wp.com\/deftech.ch\/wp-content\/uploads\/2024\/09\/deftech-white-red-round-background.002.png?fit=1500%2C1500&ssl=1","contentUrl":"https:\/\/i0.wp.com\/deftech.ch\/wp-content\/uploads\/2024\/09\/deftech-white-red-round-background.002.png?fit=1500%2C1500&ssl=1","width":1500,"height":1500,"caption":"Deftech - Defence Future Technologies"},"image":{"@id":"https:\/\/deftech.ch\/#\/schema\/logo\/image\/"},"sameAs":["https:\/\/x.com\/deftechCH","https:\/\/linkedin.com\/in\/ladetto"]},{"@type":"Person","@id":"https:\/\/deftech.ch\/#\/schema\/person\/42813473d77c2ad33ae7ae983252b6ba","name":"Quentin Ladetto","image":{"@type":"ImageObject","inLanguage":"fr-FR","@id":"https:\/\/secure.gravatar.com\/avatar\/7ea9f203bfc8c4bf31c42357b6fe4df547406af29b10b6e82d8b7ae2ae088af2?s=96&d=mm&r=g","url":"https:\/\/secure.gravatar.com\/avatar\/7ea9f203bfc8c4bf31c42357b6fe4df547406af29b10b6e82d8b7ae2ae088af2?s=96&d=mm&r=g","contentUrl":"https:\/\/secure.gravatar.com\/avatar\/7ea9f203bfc8c4bf31c42357b6fe4df547406af29b10b6e82d8b7ae2ae088af2?s=96&d=mm&r=g","caption":"Quentin Ladetto"},"sameAs":["https:\/\/ladetto.ch\/quentin-ladetto","https:\/\/www.linkedin.com\/in\/ladetto\/"]}]}},"jetpack_publicize_connections":[],"jetpack_featured_media_url":"https:\/\/deftech.ch\/wp-content\/uploads\/2024\/06\/20-juin-2024-invitation-fresque-du-soldat-du-futur_.jpg","jetpack_sharing_enabled":true,"jetpack_shortlink":"https:\/\/wp.me\/paO9lW-9Wo","_links":{"self":[{"href":"https:\/\/deftech.ch\/fr\/wp-json\/wp\/v2\/posts\/38216","targetHints":{"allow":["GET"]}}],"collection":[{"href":"https:\/\/deftech.ch\/fr\/wp-json\/wp\/v2\/posts"}],"about":[{"href":"https:\/\/deftech.ch\/fr\/wp-json\/wp\/v2\/types\/post"}],"author":[{"embeddable":true,"href":"https:\/\/deftech.ch\/fr\/wp-json\/wp\/v2\/users\/3"}],"replies":[{"embeddable":true,"href":"https:\/\/deftech.ch\/fr\/wp-json\/wp\/v2\/comments?post=38216"}],"version-history":[{"count":4,"href":"https:\/\/deftech.ch\/fr\/wp-json\/wp\/v2\/posts\/38216\/revisions"}],"predecessor-version":[{"id":38246,"href":"https:\/\/deftech.ch\/fr\/wp-json\/wp\/v2\/posts\/38216\/revisions\/38246"}],"wp:featuredmedia":[{"embeddable":true,"href":"https:\/\/deftech.ch\/fr\/wp-json\/wp\/v2\/media\/38301"}],"wp:attachment":[{"href":"https:\/\/deftech.ch\/fr\/wp-json\/wp\/v2\/media?parent=38216"}],"wp:term":[{"taxonomy":"category","embeddable":true,"href":"https:\/\/deftech.ch\/fr\/wp-json\/wp\/v2\/categories?post=38216"},{"taxonomy":"post_tag","embeddable":true,"href":"https:\/\/deftech.ch\/fr\/wp-json\/wp\/v2\/tags?post=38216"}],"curies":[{"name":"wp","href":"https:\/\/api.w.org\/{rel}","templated":true}]}}